{"id":1334,"date":"2019-11-15T11:21:00","date_gmt":"2019-11-15T10:21:00","guid":{"rendered":"http:\/\/evelyneguzy.be\/WordPress3\/?p=1334"},"modified":"2019-11-26T10:02:06","modified_gmt":"2019-11-26T09:02:06","slug":"genocide-des-tutsi-proces-dassises","status":"publish","type":"post","link":"https:\/\/evelyneguzy.be\/WordPress3\/?p=1334","title":{"rendered":"G\u00e9nocide des Tutsi &#8211; Proc\u00e8s d&rsquo;Assises"},"content":{"rendered":"\n<div class=\"wp-block-image\"><figure class=\"alignleft is-resized\"><img loading=\"lazy\" decoding=\"async\" src=\"https:\/\/evelyneguzy.be\/WordPress3\/wp-content\/uploads\/2019\/11\/Debout.Be-1.jpg\" alt=\"\" class=\"wp-image-1335\" width=\"176\" height=\"497\"\/><figcaption>L\u2019Homme debout. Peinture murale, Bruxelles. <br \/>(c) Bruce Clarke, 2019.<\/figcaption><\/figure><\/div>\n\n\n\n<p style=\"font-size:0\"><\/p>\n\n\n\n<p>Le 4 novembre 2019, au Palais de Justice de Bruxelles, s&rsquo;est ouvert le 5e proc\u00e8s d\u2019Assises suite au g\u00e9nocide contre les Tutsis du Rwanda en avril 1994 ; en cent jours, un million d\u2019individus ont \u00e9t\u00e9 assassin\u00e9s.&nbsp;<br \/>Face \u00e0 l\u2019impunit\u00e9 et au n\u00e9gationnisme, les tribunaux jouent un r\u00f4le fondamental pour que la justice soit faite, la v\u00e9rit\u00e9 \u00e9tablie et la m\u00e9moire raviv\u00e9e.&nbsp;<br \/>Lors de chacun des proc\u00e8s, des parties civiles \u2013 parents et proches de personnes assassin\u00e9es \u2013 redonnent vie et parole aux victimes, conseill\u00e9es par leurs avocats. Les rescap\u00e9s font fr\u00e9quemment l\u2019objet de menaces, surtout lorsqu\u2019ils d\u00e9noncent les m\u00e9faits de leurs tortionnaires. Ils n\u2019ont pas toujours les moyens de faire face aux frais de justice. Ils ont besoin d\u2019aide.<br \/>C&rsquo;est pourquoi s&rsquo;est cr\u00e9\u00e9 le Groupe de soutien aux Parties civiles.  <\/p>\n\n\n\n<p>Le Groupe de soutien aux Parties civiles tient ses sympathisants inform\u00e9s via une Page Facebook (@soutienpartiesciviles). Vous trouvez <a href=\"http:\/\/evelyneguzy.be\/WordPress3\/?page_id=1344\">ici<\/a> les <strong>Impressions de proc\u00e8s<\/strong> r\u00e9dig\u00e9es par Evelyne Guzy.<\/p>\n","protected":false},"excerpt":{"rendered":"<p>Le 4 novembre 2019, au Palais de Justice de Bruxelles, s&rsquo;est ouvert le 5e proc\u00e8s d\u2019Assises suite au g\u00e9nocide contre les Tutsis du Rwanda en avril 1994 ; en cent jours, un million d\u2019individus ont \u00e9t\u00e9 assassin\u00e9s.&nbsp;Face \u00e0 l\u2019impunit\u00e9 et &hellip; <a href=\"https:\/\/evelyneguzy.be\/WordPress3\/?p=1334\">Continuer la lecture <span class=\"meta-nav\">&rarr;<\/span><\/a><\/p>\n","protected":false},"author":1,"featured_media":0,"comment_status":"closed","ping_status":"open","sticky":false,"template":"","format":"standard","meta":{"footnotes":""},"categories":[4],"tags":[],"class_list":["post-1334","post","type-post","status-publish","format-standard","hentry","category-evenement"],"_links":{"self":[{"href":"https:\/\/evelyneguzy.be\/WordPress3\/index.php?rest_route=\/wp\/v2\/posts\/1334","targetHints":{"allow":["GET"]}}],"collection":[{"href":"https:\/\/evelyneguzy.be\/WordPress3\/index.php?rest_route=\/wp\/v2\/posts"}],"about":[{"href":"https:\/\/evelyneguzy.be\/WordPress3\/index.php?rest_route=\/wp\/v2\/types\/post"}],"author":[{"embeddable":true,"href":"https:\/\/evelyneguzy.be\/WordPress3\/index.php?rest_route=\/wp\/v2\/users\/1"}],"replies":[{"embeddable":true,"href":"https:\/\/evelyneguzy.be\/WordPress3\/index.php?rest_route=%2Fwp%2Fv2%2Fcomments&post=1334"}],"version-history":[{"count":21,"href":"https:\/\/evelyneguzy.be\/WordPress3\/index.php?rest_route=\/wp\/v2\/posts\/1334\/revisions"}],"predecessor-version":[{"id":1381,"href":"https:\/\/evelyneguzy.be\/WordPress3\/index.php?rest_route=\/wp\/v2\/posts\/1334\/revisions\/1381"}],"wp:attachment":[{"href":"https:\/\/evelyneguzy.be\/WordPress3\/index.php?rest_route=%2Fwp%2Fv2%2Fmedia&parent=1334"}],"wp:term":[{"taxonomy":"category","embeddable":true,"href":"https:\/\/evelyneguzy.be\/WordPress3\/index.php?rest_route=%2Fwp%2Fv2%2Fcategories&post=1334"},{"taxonomy":"post_tag","embeddable":true,"href":"https:\/\/evelyneguzy.be\/WordPress3\/index.php?rest_route=%2Fwp%2Fv2%2Ftags&post=1334"}],"curies":[{"name":"wp","href":"https:\/\/api.w.org\/{rel}","templated":true}]}}