{"id":1481,"date":"2021-01-28T12:39:19","date_gmt":"2021-01-28T11:39:19","guid":{"rendered":"https:\/\/evelyneguzy.be\/WordPress3\/?p=1481"},"modified":"2021-01-28T12:51:42","modified_gmt":"2021-01-28T11:51:42","slug":"la-malediction-des-mots-roman","status":"publish","type":"post","link":"https:\/\/evelyneguzy.be\/WordPress3\/?p=1481","title":{"rendered":"La Mal\u00e9diction des Mots, roman"},"content":{"rendered":"\n<div class=\"wp-block-media-text alignwide is-stacked-on-mobile is-vertically-aligned-top\"><figure class=\"wp-block-media-text__media\"><img loading=\"lazy\" decoding=\"async\" width=\"1024\" height=\"576\" src=\"https:\/\/evelyneguzy.be\/WordPress3\/wp-content\/uploads\/2021\/01\/IMG_3727-1024x576.jpeg\" alt=\"\" class=\"wp-image-1482\" srcset=\"https:\/\/evelyneguzy.be\/WordPress3\/wp-content\/uploads\/2021\/01\/IMG_3727-1024x576.jpeg 1024w, https:\/\/evelyneguzy.be\/WordPress3\/wp-content\/uploads\/2021\/01\/IMG_3727-300x169.jpeg 300w, https:\/\/evelyneguzy.be\/WordPress3\/wp-content\/uploads\/2021\/01\/IMG_3727-768x432.jpeg 768w, https:\/\/evelyneguzy.be\/WordPress3\/wp-content\/uploads\/2021\/01\/IMG_3727-1536x864.jpeg 1536w, https:\/\/evelyneguzy.be\/WordPress3\/wp-content\/uploads\/2021\/01\/IMG_3727-500x281.jpeg 500w, https:\/\/evelyneguzy.be\/WordPress3\/wp-content\/uploads\/2021\/01\/IMG_3727.jpeg 1713w\" sizes=\"auto, (max-width: 1024px) 100vw, 1024px\" \/><\/figure><div class=\"wp-block-media-text__content\">\n<p class=\"has-small-font-size\">Parution le 15\/2\/21<\/p>\n\n\n\n<p class=\"has-normal-font-size\"> PRESENTATION DE L&rsquo;EDITEUR<\/p>\n\n\n\n<p>Et si le silence se r\u00e9v\u00e9lait un cadeau ? C\u2019est la question que se pose Eva lorsqu\u2019elle entame une enqu\u00eate sur la vie de ceux qui ne sont plus l\u00e0 pour parler.<\/p>\n<\/div><\/div>\n\n\n\n<p>Icek, le survivant. Terne et laid, le grand-p\u00e8re paternel d\u2019Eva semblait sans histoire. Un immigr\u00e9 juif venu de Pologne dans les ann\u00e9es 30, comme bien d\u2019autres. Jusqu\u2019au jour o\u00f9 Eva pense d\u00e9couvrir son pass\u00e9 communiste. Qui \u00e9tait vraiment Icek ? <\/p>\n\n\n\n<p>Gro\u00efnim, l\u2019enfant d\u2019Icek, le p\u00e8re d\u2019Eva. Peu avant de mourir, il lui a l\u00e9gu\u00e9 une vid\u00e9o qui t\u00e9moigne de son pass\u00e9 de guerre. Mais, \u00e0 l\u2019analyse, tout ne colle pas&#8230; O\u00f9 se situe la v\u00e9rit\u00e9 alors que l\u2019enfance cach\u00e9e de Gro\u00efnim lui a appris la dissimulation? <\/p>\n\n\n\n<p>Doniek, le r\u00e9sistant, grand-p\u00e8re maternel d\u2019Eva. Figure importante de la lutte arm\u00e9e belge, dirigeant sioniste respect\u00e9 et fervent anticommuniste, Doniek a v\u00e9cu une descente aux enfers lorsqu\u2019un historien a mis en cause son action. Qui a tort, qui a raison ?<\/p>\n\n\n\n<p>Au carrefour des vies du Survivant, de l\u2019Enfant et du R\u00e9sistant, Eva se saisit de sa propre existence et se forge un destin choisi, dans l\u2019amour des silences du pass\u00e9.<\/p>\n","protected":false},"excerpt":{"rendered":"<p>Parution le 15\/2\/21 PRESENTATION DE L&rsquo;EDITEUR Et si le silence se r\u00e9v\u00e9lait un cadeau ? C\u2019est la question que se pose Eva lorsqu\u2019elle entame une enqu\u00eate sur la vie de ceux qui ne sont plus l\u00e0 pour parler. Icek, le &hellip; <a href=\"https:\/\/evelyneguzy.be\/WordPress3\/?p=1481\">Continuer la lecture <span class=\"meta-nav\">&rarr;<\/span><\/a><\/p>\n","protected":false},"author":1,"featured_media":0,"comment_status":"closed","ping_status":"open","sticky":false,"template":"","format":"standard","meta":{"footnotes":""},"categories":[1],"tags":[],"class_list":["post-1481","post","type-post","status-publish","format-standard","hentry","category-uncategorized"],"_links":{"self":[{"href":"https:\/\/evelyneguzy.be\/WordPress3\/index.php?rest_route=\/wp\/v2\/posts\/1481","targetHints":{"allow":["GET"]}}],"collection":[{"href":"https:\/\/evelyneguzy.be\/WordPress3\/index.php?rest_route=\/wp\/v2\/posts"}],"about":[{"href":"https:\/\/evelyneguzy.be\/WordPress3\/index.php?rest_route=\/wp\/v2\/types\/post"}],"author":[{"embeddable":true,"href":"https:\/\/evelyneguzy.be\/WordPress3\/index.php?rest_route=\/wp\/v2\/users\/1"}],"replies":[{"embeddable":true,"href":"https:\/\/evelyneguzy.be\/WordPress3\/index.php?rest_route=%2Fwp%2Fv2%2Fcomments&post=1481"}],"version-history":[{"count":10,"href":"https:\/\/evelyneguzy.be\/WordPress3\/index.php?rest_route=\/wp\/v2\/posts\/1481\/revisions"}],"predecessor-version":[{"id":1494,"href":"https:\/\/evelyneguzy.be\/WordPress3\/index.php?rest_route=\/wp\/v2\/posts\/1481\/revisions\/1494"}],"wp:attachment":[{"href":"https:\/\/evelyneguzy.be\/WordPress3\/index.php?rest_route=%2Fwp%2Fv2%2Fmedia&parent=1481"}],"wp:term":[{"taxonomy":"category","embeddable":true,"href":"https:\/\/evelyneguzy.be\/WordPress3\/index.php?rest_route=%2Fwp%2Fv2%2Fcategories&post=1481"},{"taxonomy":"post_tag","embeddable":true,"href":"https:\/\/evelyneguzy.be\/WordPress3\/index.php?rest_route=%2Fwp%2Fv2%2Ftags&post=1481"}],"curies":[{"name":"wp","href":"https:\/\/api.w.org\/{rel}","templated":true}]}}