{"id":1799,"date":"2022-12-10T21:41:25","date_gmt":"2022-12-10T20:41:25","guid":{"rendered":"https:\/\/evelyneguzy.be\/WordPress3\/?p=1799"},"modified":"2022-12-10T21:41:25","modified_gmt":"2022-12-10T20:41:25","slug":"je-ne-suis-pas-le-petit-prince-recueil-festival-volume-4","status":"publish","type":"post","link":"https:\/\/evelyneguzy.be\/WordPress3\/?p=1799","title":{"rendered":"\u00ab\u00a0Je ne suis pas le Petit Prince\u00a0\u00bb &#8211; Recueil &#8211; Festival (Volume 4)"},"content":{"rendered":"\n<figure class=\"wp-block-image size-large is-style-default\"><a href=\"https:\/\/evelyneguzy.be\/WordPress3\/wp-content\/uploads\/2022\/12\/IMG_0116-scaled.jpeg\"><img loading=\"lazy\" decoding=\"async\" width=\"1024\" height=\"848\" src=\"https:\/\/evelyneguzy.be\/WordPress3\/wp-content\/uploads\/2022\/12\/IMG_0116-1024x848.jpeg\" alt=\"\" class=\"wp-image-1772\" srcset=\"https:\/\/evelyneguzy.be\/WordPress3\/wp-content\/uploads\/2022\/12\/IMG_0116-1024x848.jpeg 1024w, https:\/\/evelyneguzy.be\/WordPress3\/wp-content\/uploads\/2022\/12\/IMG_0116-300x248.jpeg 300w, https:\/\/evelyneguzy.be\/WordPress3\/wp-content\/uploads\/2022\/12\/IMG_0116-768x636.jpeg 768w, https:\/\/evelyneguzy.be\/WordPress3\/wp-content\/uploads\/2022\/12\/IMG_0116-1536x1272.jpeg 1536w, https:\/\/evelyneguzy.be\/WordPress3\/wp-content\/uploads\/2022\/12\/IMG_0116-2048x1696.jpeg 2048w, https:\/\/evelyneguzy.be\/WordPress3\/wp-content\/uploads\/2022\/12\/IMG_0116-362x300.jpeg 362w\" sizes=\"auto, (max-width: 1024px) 100vw, 1024px\" \/><\/a><figcaption class=\"wp-element-caption\">\u00ab\u00a0Je ne suis pas le Petit Prince\u00a0\u00bb, \u00e9ditions Les Oiseaux de nuit, Th\u00e9\u00e2tre, 2022<\/figcaption><\/figure>\n\n\n\n<h2 class=\"wp-block-heading\">Le d\u00e9but de \u00ab\u00a0Je se suis pas le Petit Prince\u00a0\u00bb<\/h2>\n\n\n\n<p>La salle de classe est propre et bien rang\u00e9e, ici.\u00a0<\/p>\n\n\n\n<p>Chez moi, nous allions \u00e0 l\u2019\u00e9cole dans un container am\u00e9nag\u00e9, tous les \u00e2ges m\u00e9lang\u00e9s. La ma\u00eetresse portait un boubou couleur soleil et ses cheveux aux mille tresses illuminaient la le\u00e7on de calcul mental.&nbsp;<\/p>\n\n\n\n<p>Parfois, je r\u00eavais dans mon coin, en paix, si loin du quotidien, j\u2019oubliais la faim. Mais, le plus souvent, la soif de savoir me tirait de ma torpeur, surtout lors du cours de g\u00e9ographie. Sur la grande carte affich\u00e9e tant bien que mal aux parois de m\u00e9tal, je m\u2019imaginais, tout petit, et ce vaste monde autour de moi, quelles promesses m\u2019offrait-il&nbsp;?<\/p>\n\n\n\n<p>Je ne suis pas le Petit Prince, mais, comme lui, je viens d\u2019Ailleurs.<\/p>\n\n\n\n<p>\u00ab&nbsp;De quelle plan\u00e8te es-tu, m\u2019aurait-il demand\u00e9&nbsp;?<\/p>\n\n\n\n<p>&#8211; Je viens de la plan\u00e8te Lumi\u00e8re. L\u00e0 o\u00f9 le soleil me caresse toute la journ\u00e9e. L\u00e0 o\u00f9 la terre, s\u00e8che et craquel\u00e9e, me refuse ses fruits. L\u00e0 o\u00f9 la guerre \u00e9chauffe les esprits et tue les corps. Je viens de cette plan\u00e8te ch\u00e9rie, mais j\u2019ai d\u00fb la quitter. Et maintenant je suis ici.\u00a0\u00bb<\/p>\n\n\n\n<p>Ici, en classe, avec toi, Ma\u00eetresse, qui raconte l\u2019histoire de ce petit blanc boucl\u00e9. Il ne me ressemble pas, c\u2019est s\u00fbr. Sauf qu\u2019il aime le d\u00e9sert d\u2019Afrique, comme moi. Sauf que, comme moi, il fr\u00e9quente les serpents et cherche la v\u00e9rit\u00e9 dans les \u00e9toiles. Le Petit Prince, ce n\u2019est pas moi, mais il me parle pourtant, \u00e0 travers toi. D\u2019un monde de voyage et de tristesse. Celui de ma \u00ab&nbsp;petite vie m\u00e9lancolique&nbsp;\u00bb. D\u2019un univers de nostalgie. Celui du manque que je ressens lorsque je pense \u00e0 Maman et au pays de Lumi\u00e8re.&nbsp;<\/p>\n","protected":false},"excerpt":{"rendered":"<p>Le d\u00e9but de \u00ab\u00a0Je se suis pas le Petit Prince\u00a0\u00bb La salle de classe est propre et bien rang\u00e9e, ici.\u00a0 Chez moi, nous allions \u00e0 l\u2019\u00e9cole dans un container am\u00e9nag\u00e9, tous les \u00e2ges m\u00e9lang\u00e9s. La ma\u00eetresse portait un boubou couleur &hellip; <a href=\"https:\/\/evelyneguzy.be\/WordPress3\/?p=1799\">Continuer la lecture <span class=\"meta-nav\">&rarr;<\/span><\/a><\/p>\n","protected":false},"author":1,"featured_media":0,"comment_status":"closed","ping_status":"open","sticky":false,"template":"","format":"standard","meta":{"footnotes":""},"categories":[1],"tags":[],"class_list":["post-1799","post","type-post","status-publish","format-standard","hentry","category-uncategorized"],"_links":{"self":[{"href":"https:\/\/evelyneguzy.be\/WordPress3\/index.php?rest_route=\/wp\/v2\/posts\/1799","targetHints":{"allow":["GET"]}}],"collection":[{"href":"https:\/\/evelyneguzy.be\/WordPress3\/index.php?rest_route=\/wp\/v2\/posts"}],"about":[{"href":"https:\/\/evelyneguzy.be\/WordPress3\/index.php?rest_route=\/wp\/v2\/types\/post"}],"author":[{"embeddable":true,"href":"https:\/\/evelyneguzy.be\/WordPress3\/index.php?rest_route=\/wp\/v2\/users\/1"}],"replies":[{"embeddable":true,"href":"https:\/\/evelyneguzy.be\/WordPress3\/index.php?rest_route=%2Fwp%2Fv2%2Fcomments&post=1799"}],"version-history":[{"count":2,"href":"https:\/\/evelyneguzy.be\/WordPress3\/index.php?rest_route=\/wp\/v2\/posts\/1799\/revisions"}],"predecessor-version":[{"id":1801,"href":"https:\/\/evelyneguzy.be\/WordPress3\/index.php?rest_route=\/wp\/v2\/posts\/1799\/revisions\/1801"}],"wp:attachment":[{"href":"https:\/\/evelyneguzy.be\/WordPress3\/index.php?rest_route=%2Fwp%2Fv2%2Fmedia&parent=1799"}],"wp:term":[{"taxonomy":"category","embeddable":true,"href":"https:\/\/evelyneguzy.be\/WordPress3\/index.php?rest_route=%2Fwp%2Fv2%2Fcategories&post=1799"},{"taxonomy":"post_tag","embeddable":true,"href":"https:\/\/evelyneguzy.be\/WordPress3\/index.php?rest_route=%2Fwp%2Fv2%2Ftags&post=1799"}],"curies":[{"name":"wp","href":"https:\/\/api.w.org\/{rel}","templated":true}]}}