{"id":2086,"date":"2025-01-07T18:30:37","date_gmt":"2025-01-07T17:30:37","guid":{"rendered":"https:\/\/evelyneguzy.be\/WordPress3\/?p=2086"},"modified":"2025-06-01T22:46:45","modified_gmt":"2025-06-01T20:46:45","slug":"danser-encore-histoires-de-renaissances","status":"publish","type":"post","link":"https:\/\/evelyneguzy.be\/WordPress3\/?p=2086","title":{"rendered":"Danser, encore"},"content":{"rendered":"\n<h1 class=\"wp-block-heading\"><strong>Edern \u00e9ditions, mars<\/strong> <strong>2025<\/strong><\/h1>\n\n\n\n<div class=\"wp-block-media-text is-stacked-on-mobile\" style=\"grid-template-columns:49% auto\"><figure class=\"wp-block-media-text__media\"><img loading=\"lazy\" decoding=\"async\" width=\"640\" height=\"1024\" src=\"https:\/\/evelyneguzy.be\/WordPress3\/wp-content\/uploads\/2025\/01\/GUZY-Evelyne-Danser-encore-C1-1-640x1024.jpeg\" alt=\"\" class=\"wp-image-2087 size-full\" srcset=\"https:\/\/evelyneguzy.be\/WordPress3\/wp-content\/uploads\/2025\/01\/GUZY-Evelyne-Danser-encore-C1-1-640x1024.jpeg 640w, https:\/\/evelyneguzy.be\/WordPress3\/wp-content\/uploads\/2025\/01\/GUZY-Evelyne-Danser-encore-C1-1-188x300.jpeg 188w, https:\/\/evelyneguzy.be\/WordPress3\/wp-content\/uploads\/2025\/01\/GUZY-Evelyne-Danser-encore-C1-1-768x1229.jpeg 768w, https:\/\/evelyneguzy.be\/WordPress3\/wp-content\/uploads\/2025\/01\/GUZY-Evelyne-Danser-encore-C1-1.jpeg 800w\" sizes=\"auto, (max-width: 640px) 100vw, 640px\" \/><\/figure><div class=\"wp-block-media-text__content\">\n<p><strong><em>Histoires de renaissances<\/em><\/strong><\/p>\n\n\n\n<p>De Bruxelles, Rose se rend \u00e0 Tel-Aviv. Le pays est en deuil&nbsp;: celui des victimes du massacre du 7-Octobre,&nbsp;celui des otages s\u00e9questr\u00e9s dans les tunnels de Gaza. Deuil d&rsquo;une vision, d\u2019un id\u00e9al \u00e9galement, pour Antoine qui a quitt\u00e9 la Belgique \u00e0 vingt ans&nbsp;afin de vivre au kibboutz et devenir danseur. Rose et Antoine&nbsp;se retrouvent apr\u00e8s s\u2019\u00eatre perdus de vue. Comment entamer un pas de deux alors que le monde vacille&nbsp;? &nbsp;&nbsp;<\/p>\n\n\n\n<p>Dans les neuf histoires de renaissances qui constituent ce recueil, des personnes ordinaires tentent de creuser une br\u00e8che face aux impasses de la vie. De Ha\u00efti aux d\u00e9potoirs d\u2019une favela, elles n\u2019en finissent pas de chercher, d\u2019imaginer et d\u2019esp\u00e9rer.<\/p>\n<\/div><\/div>\n\n\n\n<p><strong>Ecrire pour la paix<\/strong><\/p>\n\n\n\n<p><a href=\"https:\/\/www.instagram.com\/reel\/DDPlRzAgYEk\/?igsh=MXNqaGhkeTR3cG45dg==\">Extrait d&rsquo;une interview sur Radio Juda\u00efca \u00e0 l&rsquo;occasion de Sefer, le salon du livre du CCLJ, en d\u00e9cembre 2024.<\/a><\/p>\n\n\n\n<p><a href=\"https:\/\/evelyneguzy.be\/WordPress3\/?page_id=2066\"><strong>Plus d&rsquo;informations&#8230;<\/strong><\/a><\/p>\n\n\n\n<p><\/p>\n","protected":false},"excerpt":{"rendered":"<p>Edern \u00e9ditions, mars 2025 Histoires de renaissances De Bruxelles, Rose se rend \u00e0 Tel-Aviv. Le pays est en deuil&nbsp;: celui des victimes du massacre du 7-Octobre,&nbsp;celui des otages s\u00e9questr\u00e9s dans les tunnels de Gaza. Deuil d&rsquo;une vision, d\u2019un id\u00e9al \u00e9galement, &hellip; <a href=\"https:\/\/evelyneguzy.be\/WordPress3\/?p=2086\">Continuer la lecture <span class=\"meta-nav\">&rarr;<\/span><\/a><\/p>\n","protected":false},"author":1,"featured_media":0,"comment_status":"closed","ping_status":"open","sticky":false,"template":"","format":"standard","meta":{"footnotes":""},"categories":[1],"tags":[],"class_list":["post-2086","post","type-post","status-publish","format-standard","hentry","category-uncategorized"],"_links":{"self":[{"href":"https:\/\/evelyneguzy.be\/WordPress3\/index.php?rest_route=\/wp\/v2\/posts\/2086","targetHints":{"allow":["GET"]}}],"collection":[{"href":"https:\/\/evelyneguzy.be\/WordPress3\/index.php?rest_route=\/wp\/v2\/posts"}],"about":[{"href":"https:\/\/evelyneguzy.be\/WordPress3\/index.php?rest_route=\/wp\/v2\/types\/post"}],"author":[{"embeddable":true,"href":"https:\/\/evelyneguzy.be\/WordPress3\/index.php?rest_route=\/wp\/v2\/users\/1"}],"replies":[{"embeddable":true,"href":"https:\/\/evelyneguzy.be\/WordPress3\/index.php?rest_route=%2Fwp%2Fv2%2Fcomments&post=2086"}],"version-history":[{"count":16,"href":"https:\/\/evelyneguzy.be\/WordPress3\/index.php?rest_route=\/wp\/v2\/posts\/2086\/revisions"}],"predecessor-version":[{"id":2245,"href":"https:\/\/evelyneguzy.be\/WordPress3\/index.php?rest_route=\/wp\/v2\/posts\/2086\/revisions\/2245"}],"wp:attachment":[{"href":"https:\/\/evelyneguzy.be\/WordPress3\/index.php?rest_route=%2Fwp%2Fv2%2Fmedia&parent=2086"}],"wp:term":[{"taxonomy":"category","embeddable":true,"href":"https:\/\/evelyneguzy.be\/WordPress3\/index.php?rest_route=%2Fwp%2Fv2%2Fcategories&post=2086"},{"taxonomy":"post_tag","embeddable":true,"href":"https:\/\/evelyneguzy.be\/WordPress3\/index.php?rest_route=%2Fwp%2Fv2%2Ftags&post=2086"}],"curies":[{"name":"wp","href":"https:\/\/api.w.org\/{rel}","templated":true}]}}