{"id":539,"date":"2012-11-02T19:13:55","date_gmt":"2012-11-02T18:13:55","guid":{"rendered":"http:\/\/evelyneguzy.be\/WordPress3\/?p=539"},"modified":"2014-04-03T09:04:43","modified_gmt":"2014-04-03T07:04:43","slug":"presentation-dedicace-a-la-librairie-filigranes","status":"publish","type":"post","link":"https:\/\/evelyneguzy.be\/WordPress3\/?p=539","title":{"rendered":"Pr\u00e9sentation et d\u00e9dicace \u00e0 la librairie Filigranes"},"content":{"rendered":"<p><a href=\"http:\/\/evelyneguzy.be\/WordPress3\/wp-content\/uploads\/2012\/11\/318770_10152173161805136_733709031_n.jpg\"><img loading=\"lazy\" decoding=\"async\" class=\"alignleft  wp-image-540\" title=\"318770_10152173161805136_733709031_n\" src=\"https:\/\/evelyneguzy.be\/WordPress3\/wp-content\/uploads\/2012\/11\/318770_10152173161805136_733709031_n.jpg\" alt=\"\" width=\"840\" height=\"309\" srcset=\"https:\/\/evelyneguzy.be\/WordPress3\/wp-content\/uploads\/2012\/11\/318770_10152173161805136_733709031_n.jpg 840w, https:\/\/evelyneguzy.be\/WordPress3\/wp-content\/uploads\/2012\/11\/318770_10152173161805136_733709031_n-300x110.jpg 300w, https:\/\/evelyneguzy.be\/WordPress3\/wp-content\/uploads\/2012\/11\/318770_10152173161805136_733709031_n-500x183.jpg 500w\" sizes=\"auto, (max-width: 840px) 100vw, 840px\" \/><\/a><\/p>\n<p><a href=\"http:\/\/evelyneguzy.be\/WordPress3\/wp-content\/uploads\/2012\/09\/martyr-1.jpg\"><img decoding=\"async\" class=\"alignright  wp-image-489\" title=\"martyr 1\" src=\"https:\/\/evelyneguzy.be\/WordPress3\/wp-content\/uploads\/2012\/09\/martyr-1-198x300.jpg\" alt=\"cover Le Martyr de l'Etoile - Evelyne Guzy\" width=\"250\" srcset=\"https:\/\/evelyneguzy.be\/WordPress3\/wp-content\/uploads\/2012\/09\/martyr-1-198x300.jpg 198w, https:\/\/evelyneguzy.be\/WordPress3\/wp-content\/uploads\/2012\/09\/martyr-1-676x1024.jpg 676w, https:\/\/evelyneguzy.be\/WordPress3\/wp-content\/uploads\/2012\/09\/martyr-1.jpg 1410w\" sizes=\"(max-width: 198px) 100vw, 198px\" \/><\/a><strong>Samedi 10 novembre \u00e0 15 heures <\/strong><\/p>\n<p><strong>A\u00a0l&rsquo;occasion de la sortie du <em>Martyr de l&rsquo;Etoile <\/em>d&rsquo;Evelyne Guzy<\/strong>, la librairie Filigranes organise une pr\u00e9sentation d\u00e9dicace des ouvrages de la collection <em>Romans de gare &#8211; Kill &amp; Read<\/em>. Quatre auteurs r\u00e9pondent\u00a0au micro de Laurence Housiaux, directrice des \u00e9ditions Luc Pire.<\/p>\n<p><strong>Jean-Baptiste Baronian pour\u00a0<em>Meurtre \u00e0 Waterloo<\/em><\/strong><br \/>\n<strong>Evelyne Guzy pour\u00a0<em>Le martyr de l&rsquo;Etoile<\/em><\/strong><br \/>\n<strong>Marc J. Hermant pour <em>Les d\u00e9peceurs de Spa<\/em><\/strong><br \/>\n<strong>Anouchka Sikorsky pour <em>Crime \u00e0 Louvain-La-Neuve<\/em><\/strong><br \/>\n<strong><\/strong><\/p>\n<p><strong>A la librairie Filigranes <\/strong>&#8211; 40 avenue des Arts &#8211; 1040 Bruxelles<\/p>\n","protected":false},"excerpt":{"rendered":"<p>Samedi 10 novembre \u00e0 15 heures A\u00a0l&rsquo;occasion de la sortie du Martyr de l&rsquo;Etoile d&rsquo;Evelyne Guzy, la librairie Filigranes organise une pr\u00e9sentation d\u00e9dicace des ouvrages de la collection Romans de gare &#8211; Kill &amp; Read. Quatre auteurs r\u00e9pondent\u00a0au micro de &hellip; <a href=\"https:\/\/evelyneguzy.be\/WordPress3\/?p=539\">Continuer la lecture <span class=\"meta-nav\">&rarr;<\/span><\/a><\/p>\n","protected":false},"author":1,"featured_media":0,"comment_status":"closed","ping_status":"open","sticky":false,"template":"","format":"standard","meta":{"footnotes":""},"categories":[4],"tags":[],"class_list":["post-539","post","type-post","status-publish","format-standard","hentry","category-evenement"],"_links":{"self":[{"href":"https:\/\/evelyneguzy.be\/WordPress3\/index.php?rest_route=\/wp\/v2\/posts\/539","targetHints":{"allow":["GET"]}}],"collection":[{"href":"https:\/\/evelyneguzy.be\/WordPress3\/index.php?rest_route=\/wp\/v2\/posts"}],"about":[{"href":"https:\/\/evelyneguzy.be\/WordPress3\/index.php?rest_route=\/wp\/v2\/types\/post"}],"author":[{"embeddable":true,"href":"https:\/\/evelyneguzy.be\/WordPress3\/index.php?rest_route=\/wp\/v2\/users\/1"}],"replies":[{"embeddable":true,"href":"https:\/\/evelyneguzy.be\/WordPress3\/index.php?rest_route=%2Fwp%2Fv2%2Fcomments&post=539"}],"version-history":[{"count":12,"href":"https:\/\/evelyneguzy.be\/WordPress3\/index.php?rest_route=\/wp\/v2\/posts\/539\/revisions"}],"predecessor-version":[{"id":544,"href":"https:\/\/evelyneguzy.be\/WordPress3\/index.php?rest_route=\/wp\/v2\/posts\/539\/revisions\/544"}],"wp:attachment":[{"href":"https:\/\/evelyneguzy.be\/WordPress3\/index.php?rest_route=%2Fwp%2Fv2%2Fmedia&parent=539"}],"wp:term":[{"taxonomy":"category","embeddable":true,"href":"https:\/\/evelyneguzy.be\/WordPress3\/index.php?rest_route=%2Fwp%2Fv2%2Fcategories&post=539"},{"taxonomy":"post_tag","embeddable":true,"href":"https:\/\/evelyneguzy.be\/WordPress3\/index.php?rest_route=%2Fwp%2Fv2%2Ftags&post=539"}],"curies":[{"name":"wp","href":"https:\/\/api.w.org\/{rel}","templated":true}]}}