{"id":80,"date":"2011-11-22T15:58:19","date_gmt":"2011-11-22T14:58:19","guid":{"rendered":"http:\/\/evelyneguzy.be\/WordPress3\/?p=80"},"modified":"2014-04-03T09:10:05","modified_gmt":"2014-04-03T07:10:05","slug":"a-lagenda","status":"publish","type":"post","link":"https:\/\/evelyneguzy.be\/WordPress3\/?p=80","title":{"rendered":"Conf\u00e9rence au CCLJ"},"content":{"rendered":"<div><\/div>\n<div><strong><a href=\"http:\/\/evelyneguzy.be\/WordPress3\/wp-content\/uploads\/2011\/11\/cover-dans-le-sang-e1321961507642.jpg\"><img decoding=\"async\" class=\"alignleft  wp-image-76\" title=\"Couverture de Dans le sang, par Evelyne Guzy\" src=\"https:\/\/evelyneguzy.be\/WordPress3\/wp-content\/uploads\/2011\/11\/cover-dans-le-sang-e1321961507642.jpg\" alt=\"\" width=\"250\" srcset=\"https:\/\/evelyneguzy.be\/WordPress3\/wp-content\/uploads\/2011\/11\/cover-dans-le-sang-e1321961507642.jpg 2213w, https:\/\/evelyneguzy.be\/WordPress3\/wp-content\/uploads\/2011\/11\/cover-dans-le-sang-e1321961507642-183x300.jpg 183w\" sizes=\"(max-width: 2213px) 100vw, 2213px\" \/><\/a>Vendredi 13 janvier 2012 \u00e0 12h30<\/strong>.<\/div>\n<div><a href=\"http:\/\/www.cclj.be\/activity\/punctual\/2\/2476\">Evelyne Guzy : \u00a0\u00bb Dans le sang \u00a0\u00bb Ed. Bernard Gilson<\/a><\/div>\n<div>\n<p><strong><em>Dans le Sang<\/em> <\/strong>raconte l\u2019histoire de David, un jeune volontaire \u00e9tranger au sein d\u2019une ONG. En Ismalie, au milieu du vingt et uni\u00e8me si\u00e8cle, David se penche sur le sort de jeunes kamikazes repentis. Il est accueilli par la famille des El Zibah, o\u00f9 il fait la connaissance de Omar, le fils. Dans le sang, ils deviennent fr\u00e8res. Le p\u00e9riple initiatique de David l\u2019am\u00e8ne \u00e0 sonder ses propres limites et celles du monde qui l\u2019entoure.<\/p>\n<p><strong>Salon de Dora &#8211; Entr\u00e9e\u00a02,5 euros\u00a0&#8211; possibilit\u00e9 d\u2019acheter sandwiches et boissons sur place<\/strong><\/p>\n<p><strong>Informations et r\u00e9servations : <\/strong>02\/543.02.70 ou <a href=\"mailto:info@cclj.be\" rel=\"nofollow\">info@cclj.be<\/a><\/p>\n<p><a href=\"http:\/\/www.cclj.be\/register\/2\/2476\">R\u00e9server en ligne en cliquant ici<\/a><\/p>\n<\/div>\n","protected":false},"excerpt":{"rendered":"<p>Vendredi 13 janvier 2012 \u00e0 12h30. Evelyne Guzy : \u00a0\u00bb Dans le sang \u00a0\u00bb Ed. Bernard Gilson Dans le Sang raconte l\u2019histoire de David, un jeune volontaire \u00e9tranger au sein d\u2019une ONG. En Ismalie, au milieu du vingt et uni\u00e8me &hellip; <a href=\"https:\/\/evelyneguzy.be\/WordPress3\/?p=80\">Continuer la lecture <span class=\"meta-nav\">&rarr;<\/span><\/a><\/p>\n","protected":false},"author":1,"featured_media":0,"comment_status":"closed","ping_status":"open","sticky":false,"template":"","format":"standard","meta":{"footnotes":""},"categories":[4],"tags":[],"class_list":["post-80","post","type-post","status-publish","format-standard","hentry","category-evenement"],"_links":{"self":[{"href":"https:\/\/evelyneguzy.be\/WordPress3\/index.php?rest_route=\/wp\/v2\/posts\/80","targetHints":{"allow":["GET"]}}],"collection":[{"href":"https:\/\/evelyneguzy.be\/WordPress3\/index.php?rest_route=\/wp\/v2\/posts"}],"about":[{"href":"https:\/\/evelyneguzy.be\/WordPress3\/index.php?rest_route=\/wp\/v2\/types\/post"}],"author":[{"embeddable":true,"href":"https:\/\/evelyneguzy.be\/WordPress3\/index.php?rest_route=\/wp\/v2\/users\/1"}],"replies":[{"embeddable":true,"href":"https:\/\/evelyneguzy.be\/WordPress3\/index.php?rest_route=%2Fwp%2Fv2%2Fcomments&post=80"}],"version-history":[{"count":14,"href":"https:\/\/evelyneguzy.be\/WordPress3\/index.php?rest_route=\/wp\/v2\/posts\/80\/revisions"}],"predecessor-version":[{"id":117,"href":"https:\/\/evelyneguzy.be\/WordPress3\/index.php?rest_route=\/wp\/v2\/posts\/80\/revisions\/117"}],"wp:attachment":[{"href":"https:\/\/evelyneguzy.be\/WordPress3\/index.php?rest_route=%2Fwp%2Fv2%2Fmedia&parent=80"}],"wp:term":[{"taxonomy":"category","embeddable":true,"href":"https:\/\/evelyneguzy.be\/WordPress3\/index.php?rest_route=%2Fwp%2Fv2%2Fcategories&post=80"},{"taxonomy":"post_tag","embeddable":true,"href":"https:\/\/evelyneguzy.be\/WordPress3\/index.php?rest_route=%2Fwp%2Fv2%2Ftags&post=80"}],"curies":[{"name":"wp","href":"https:\/\/api.w.org\/{rel}","templated":true}]}}